{"id":254811,"date":"2011-05-27T20:39:00","date_gmt":"2011-05-27T18:39:00","guid":{"rendered":"https:\/\/labidikm.net\/?p=254811"},"modified":"2025-04-24T13:32:34","modified_gmt":"2025-04-24T11:32:34","slug":"lidee-dune-seule-origine","status":"publish","type":"post","link":"https:\/\/labidikm.net\/fr\/lidee-dune-seule-origine\/","title":{"rendered":"L&rsquo;id\u00e9e d&rsquo;Une seule origine"},"content":{"rendered":"<h2 dir=\"ltr\">L&rsquo;id\u00e9e d&rsquo;Une seule origine&#8230;<\/h2>\n<p dir=\"ltr\" style=\"text-align: justify;\"><strong><a href=\"https:\/\/fr.wikipedia.org\/wiki\/Adam\" target=\"_blank\" rel=\"noopener\" data-schema-attribute=\"\">Adam<\/a>, le p\u00e8re commun de toute l\u2019humanit\u00e9, Eve l\u2019unique m\u00e8re de tout \u00eatre humain, Dieu notre seul cr\u00e9ateur, la seule origine de l\u2019Univers. Le Un comme base de tous les nombres, le Point source de toutes \u00e9critures ou sch\u00e9mas. La racine absolue d\u2019o\u00f9 on provient et vers laquelle on se dirige. <\/strong><\/p>\n<p dir=\"ltr\" style=\"text-align: justify;\">C\u2019est sur cette id\u00e9e que toutes les religions, les sectes et les politiques totalitaires se sont appuy\u00e9s pour se faire entendre. Une seule et unique origine pour tout le monde, un seul gouvernement, un seul parti au pouvoir, une seule force, un seul responsable, une seule politique, une seule id\u00e9ologie.<\/p>\n<div id=\"attachment_30617\" style=\"width: 310px\" class=\"wp-caption alignnone\"><img loading=\"lazy\" decoding=\"async\" aria-describedby=\"caption-attachment-30617\" class=\"wp-image-30617 size-medium\" src=\"https:\/\/labidikm.net\/wp-content\/uploads\/2011\/05\/Lidee-dUne-seule-origine-1-300x169.jpg\" alt=\"L&#039;id\u00e9e d&#039;Une seule origine...\" width=\"300\" height=\"169\" title=\"\"><p id=\"caption-attachment-30617\" class=\"wp-caption-text\">L&rsquo;id\u00e9e d&rsquo;Une seule origine&#8230;<\/p><\/div>\n<p dir=\"ltr\" style=\"text-align: justify;\">L\u2019opposition est interdite, l\u2019autre doit dispara\u00eetre. Il n\u2019y a qu\u2019une seule force reconnue, une id\u00e9e cache une autre, un mensonge sans preuve auquel on doit croire et prendre comme une v\u00e9rit\u00e9 absolue. M\u00eame ceux qui se disent rationnels et scientifiques cherchent la v\u00e9rit\u00e9 \u00e0 travers le UN et oublient les autres UNS.<\/p>\n<p dir=\"ltr\" style=\"text-align: justify;\">L\u2019influence religieuse de cette approche est sans \u00e9quivoque. La r\u00e9union de l\u2019ensemble dans le UN \u00e9tait n\u00e9cessaire pour pouvoir aborder l\u2019univers infini qui nous entoure et l\u2019approcher sans crainte et sans le risque de se perdre.<\/p>\n<p dir=\"ltr\" style=\"text-align: justify;\">L\u2019humanit\u00e9 a toujours su changer de direction \u00e0 chaque fois qu\u2019elle se confronte \u00e0 une impasse. C\u2019\u00e9tait, et c\u2019est toujours le cas, le seul moyen de progresser dans les labyrinthes de la vie. Elle a invent\u00e9 les religions, par n\u00e9cessit\u00e9, afin de pouvoir franchir un obstacle qui l\u2019emp\u00eache d\u2019aller vers l\u2019avant.<\/p>\n<p dir=\"ltr\" style=\"text-align: justify;\">Parce que l\u2019Homme \u00e9volue, et le monde avec, chaque invention humaine devient, elle-m\u00eame, un obstacle dans l\u2019avenir. En revanche, les m\u00e9thodes et les id\u00e9es re\u00e7ues demeurent les m\u00eames sous pr\u00e9textes de l\u2019origine commune. L\u2019id\u00e9e du Un absolu nous bloque sur tous les niveaux : id\u00e9ologique, politique, \u00e9conomique\u2026<\/p>\n<p dir=\"ltr\" style=\"text-align: justify;\">Et continuer \u00e0 ne plus avancer de la sorte ne fait que nous retarder de notre conqu\u00eate de l\u2019univers environnant. Notre orgueil nous emp\u00eache d\u2019inaugurer une nouvelle \u00e9tape, dont r\u00eave l\u2019humanit\u00e9, celle du \u00ab Non Un absolu \u00bb mais du \u00ab Un infini \u00bb sans limite. Celle du Un multiple qui s\u2019harmonise avec l\u2019ensemble des autres Uns. Celle du Un souple, le Un d\u2019\u00eatre diff\u00e9rant, le Un d\u2019\u00eatre plusieurs, le Un sans Un.<\/p>\n<p dir=\"ltr\" style=\"text-align: justify;\">Il faut \u00eatre capable de se lib\u00e9rer de cet Un pour reprendre le chemin de l\u2019\u00e9volution. Cette id\u00e9e doit \u00eatre, non seulement, abandonn\u00e9e mais aussi combattue par tous les moyens afin de se d\u00e9livrer de son emprise. Pour pouvoir acc\u00e9der \u00e0 une nouvelle \u00e9tape de notre \u00e9volution, on peut attendre passivement que cela se produise naturellement. Seulement, le probl\u00e8me c\u2019est que cette solution nous fera perdre beaucoup de temps et le pire c\u2019est qu\u2019elle risque de nous co\u00fbter plusieurs vies humaines suite au d\u00e9veloppement galopant des armes de destruction massive.<\/p>\n<p dir=\"ltr\" style=\"text-align: justify;\">L\u2019ensemble de l\u2019esp\u00e8ce humaine est menac\u00e9 si une seule force gagne et d\u00e9cide d\u2019exterminer le reste afin de confirmer et de r\u00e9aliser l\u2019id\u00e9e du UN absolu. Notre temps n\u2019est plus celui des anciens et les menaces sont diff\u00e9rentes. Aujourd\u2019hui, le monde est de plus en plus petit, la moindre action provoque des r\u00e9percussions imm\u00e9diates sur l\u2019ensemble de la plan\u00e8te. Chacun de nous doit prendre son destin en main au lieu de continuer \u00e0 se laisser guider par une poign\u00e9 d\u2019illumin\u00e9 qui cherche \u00e0 gouverner le monde au d\u00e9triment des autres protagonistes.<\/p>\n<p dir=\"ltr\" style=\"text-align: justify;\">La recherche du pouvoir du Un sur le monde est d\u00e9vastatrice pour l\u2019ensemble de l\u2019humanit\u00e9. Oui, la guerre des Uns est belle et bien lanc\u00e9 et chaque Un se croit le meilleure et cherche \u00e0 d\u00e9truire les autres Uns. Seulement, les plus dangereux de tous les Uns, se trouvent le Un islamiste et le Un imp\u00e9rialiste qui se rivalise pour la domination de la plan\u00e8te quitte \u00e0 mettre la Terre \u00e0 feu et \u00e0 sang pour aboutir sur une seule force totalitaire.<\/p>\n<p dir=\"ltr\" style=\"text-align: right;\"><strong>Vous pouvez \u00e9galement lire :<a href=\"https:\/\/labidikm.net\/fr\/la-lune-reflete-la-lumiere-du-soleil\/\"> La lune refl\u00e8te la lumi\u00e8re du soleil<\/a><\/strong><\/p>\n<p style=\"text-align: right;\">\n","protected":false},"excerpt":{"rendered":"<p>L&rsquo;id\u00e9e d&rsquo;Une seule origine&#8230; Adam, le p\u00e8re commun de toute l\u2019humanit\u00e9, Eve l\u2019unique m\u00e8re de tout \u00eatre humain, Dieu notre seul cr\u00e9ateur,<\/p>\n","protected":false},"author":3,"featured_media":254812,"comment_status":"open","ping_status":"open","sticky":false,"template":"","format":"standard","meta":{"_et_pb_use_builder":"off","_et_pb_old_content":"","_et_gb_content_width":"","footnotes":""},"categories":[613],"tags":[635,682,699,700,701,702,639,640,703,648],"class_list":["post-254811","post","type-post","status-publish","format-standard","has-post-thumbnail","hentry","category-philosophie-et-croyances","tag-croire","tag-dieu","tag-existe","tag-foi","tag-humain","tag-idee","tag-islamisation","tag-labidi","tag-mirage-divin","tag-question"],"_links":{"self":[{"href":"https:\/\/labidikm.net\/fr\/wp-json\/wp\/v2\/posts\/254811","targetHints":{"allow":["GET"]}}],"collection":[{"href":"https:\/\/labidikm.net\/fr\/wp-json\/wp\/v2\/posts"}],"about":[{"href":"https:\/\/labidikm.net\/fr\/wp-json\/wp\/v2\/types\/post"}],"author":[{"embeddable":true,"href":"https:\/\/labidikm.net\/fr\/wp-json\/wp\/v2\/users\/3"}],"replies":[{"embeddable":true,"href":"https:\/\/labidikm.net\/fr\/wp-json\/wp\/v2\/comments?post=254811"}],"version-history":[{"count":0,"href":"https:\/\/labidikm.net\/fr\/wp-json\/wp\/v2\/posts\/254811\/revisions"}],"wp:featuredmedia":[{"embeddable":true,"href":"https:\/\/labidikm.net\/fr\/wp-json\/wp\/v2\/media\/254812"}],"wp:attachment":[{"href":"https:\/\/labidikm.net\/fr\/wp-json\/wp\/v2\/media?parent=254811"}],"wp:term":[{"taxonomy":"category","embeddable":true,"href":"https:\/\/labidikm.net\/fr\/wp-json\/wp\/v2\/categories?post=254811"},{"taxonomy":"post_tag","embeddable":true,"href":"https:\/\/labidikm.net\/fr\/wp-json\/wp\/v2\/tags?post=254811"}],"curies":[{"name":"wp","href":"https:\/\/api.w.org\/{rel}","templated":true}]}}