{"id":254773,"date":"2014-05-20T20:08:00","date_gmt":"2014-05-20T18:08:00","guid":{"rendered":"https:\/\/labidikm.net\/?p=254773"},"modified":"2025-04-24T13:15:42","modified_gmt":"2025-04-24T11:15:42","slug":"bien-choisir-son-camp","status":"publish","type":"post","link":"https:\/\/labidikm.net\/fr\/bien-choisir-son-camp\/","title":{"rendered":"Bien choisir son camp"},"content":{"rendered":"<h2 dir=\"ltr\"><strong>Bien choisir son camp<\/strong><\/h2>\n<p dir=\"ltr\" style=\"text-align: justify;\"><strong>Si j&rsquo;insiste sur le silence complice des musulmans, ce n&rsquo;est pas par haine comme beaucoup essaient de le faire croire.<\/strong><\/p>\n<p dir=\"ltr\" style=\"text-align: justify;\">Une personne qui comprend la mentalit\u00e9 des <a href=\"https:\/\/fr.wikipedia.org\/wiki\/Musulman\" target=\"_blank\" rel=\"noopener\" data-schema-attribute=\"\">musulmans<\/a>, comprendra sans probl\u00e8me o\u00f9 je veux en venir et ne cr\u00e9era aucune pol\u00e9mique sur le texte.<\/p>\n<p dir=\"ltr\" style=\"text-align: justify;\">Si je dis le m\u00eame texte en Arabe, aucun, je dis bien, aucun dans le monde arabo-musulman ne dira sur moi ce que disent les ignorants de la mentalit\u00e9 arabo-musulmane.<\/p>\n<p dir=\"ltr\" style=\"text-align: justify;\">Je pense et je parle avec ma mentalit\u00e9 et celle de mon peuple.<\/p>\n<p dir=\"ltr\" style=\"text-align: justify;\">Je n&rsquo;attaque pas les musulmans, mais je leur demande des comptes.<\/p>\n<p dir=\"ltr\" style=\"text-align: justify;\">Pour moi, un musulman est un vecteur de l&rsquo;Islam, donc, par ing\u00e9rence, paresse intellectuelle ou peur il est un vecteur de l&rsquo;Islam, oui, il est le vecteur d&rsquo;un crime nomm\u00e9 Islam.<\/p>\n<p dir=\"ltr\" style=\"text-align: justify;\">Je ne suis ni Europ\u00e9en, ni occidental, j&rsquo;appartiens au monde Arabo-musulman, donc, je critique mon monde \u00e0 moi, je le d\u00e9signe avec le doigt et je lui dis \u00ab\u00a0vous \u00eates complice par votre silence\u00a0\u00bb.<\/p>\n<p dir=\"ltr\" style=\"text-align: justify;\">Je le fais, non par haine, comme essaient de le faire croire les ignorants des discours dans le monde Arabo-musulman, mais par amour pour ma famille et pour mon peuple.<\/p>\n<p dir=\"ltr\" style=\"text-align: justify;\">Je le leur dis et eux, ils comprennent ce que je leur dis.<\/p>\n<p dir=\"ltr\" style=\"text-align: justify;\">Preuve en est, aucune, et je dis bien aucune personne appartenant au monde Arabo-musulman ne m&rsquo;accuse d&rsquo;\u00eatre raciste ou intol\u00e9rant, bien au contraire, ils me respectent car je parle directement avec eux.<\/p>\n<p dir=\"ltr\" style=\"text-align: justify;\">Les seuls qui m&rsquo;accusent sont ou bien des islamistes int\u00e9gristes et terroristes, parce qu&rsquo;il savent tr\u00e8s bien que mon discours touche au fond de lui-m\u00eame, le simple musulman qui ne connait rien \u00e0 l&rsquo;Islam ou bien les ignorants du danger de l&rsquo;islam et les socialistes gauchistes et soi-disant humanistes, hypocrites et politiquement corrects qui ne veulent pas que les choses changent et qui ne pensent, ni au monde, ni \u00e0 nos pays, ni \u00e0 l&rsquo;Europe, mais uniquement \u00e0 leurs int\u00e9r\u00eats personnels.<\/p>\n<p dir=\"ltr\" style=\"text-align: justify;\">Le sujet est tr\u00e8s long et dans le monde Arabo-musulman, la discussion sur ce sujet est tr\u00e8s grand entre les ex-musulmans, car dans le monde musulman, il y a deux clans :<\/p>\n<p dir=\"ltr\" style=\"text-align: justify;\">&#8211; Un clan qui s&rsquo;arr\u00eate sur les textes et n&rsquo;attaque que l&rsquo;islamisme, sans toucher aux musulmans, ni \u00e0 l&rsquo;Islam lui-m\u00eame, ni \u00e0 ses livres sacr\u00e9s et cela \u00e9tait majoritaire avant les soi-disant r\u00e9volutions Arabes mais beaucoup moins aujourd&rsquo;hui.<\/p>\n<p dir=\"ltr\" style=\"text-align: justify;\">En g\u00e9n\u00e9ral, la majorit\u00e9, \u00e9tait des pro-occidentaux avec des valeurs europ\u00e9ennes, comme, la la\u00efcit\u00e9, les droits de l&rsquo;Homme \u00e0 l&rsquo;europ\u00e9enne et la mondialisation et tous ceux qui suivaient \u00e9taient des personnes de culture et d&rsquo;\u00e9ducation europ\u00e9enne.<br \/>\n&#8211; Dans le deuxi\u00e8me clan, ils se posent la question de savoir pourquoi toute cette haine et pourquoi, toute cette violence.<\/p>\n<p dir=\"ltr\" style=\"text-align: justify;\">Ils ont compris qu&rsquo;il fallait accuser le texte lui-m\u00eame, donc, ils attaquent l&rsquo;Islam \u00e0 sa source dite \u00ab\u00a0sacr\u00e9e\u00a0\u00bb en totalit\u00e9 car ils comprennent que l&rsquo;islam est indivisible.<\/p>\n<p dir=\"ltr\" style=\"text-align: justify;\">Mais, ils ne s\u00a0\u00bbarr\u00eatent pas \u00e0 cela, ils attaquent \u00e9galement les islamistes qui veulent appliquer ces textes criminels et ils sont partis bien plus loin encore en comprenant que le mal vient aussi de cette communaut\u00e9 qui se dit musulmane, complice de tous ces crimes.<\/p>\n<p dir=\"ltr\" style=\"text-align: justify;\">Je ne parle pas dans le vide, mais d&rsquo;une situation v\u00e9cue.<\/p>\n<p dir=\"ltr\" style=\"text-align: justify;\">Quand un apostat quitte l&rsquo;Islam, le danger sur sa vie et sa libert\u00e9 ne vient pas uniquement des islamistes mais des soi-disant musulmans mod\u00e9r\u00e9s o\u00f9 le danger vient de leur famille, amis et voisins.<\/p>\n<p dir=\"ltr\" style=\"text-align: justify;\">Donc, ils ont compris qu&rsquo;il fallait r\u00e9veiller cette masse et lui dire \u00ab\u00a0vous \u00eates complice\u00a0\u00bb, tant qu&rsquo;elle ne se sentira pas concern\u00e9e.<\/p>\n<p dir=\"ltr\" style=\"text-align: justify;\">Oui ! Elle est complice, donc, elle doit \u00eatre plus tol\u00e9rante, prot\u00e9ger ses apostats et ne plus les terroriser au nom de l&rsquo;Islam et cela de plus en plus apr\u00e8s la soi-disant r\u00e9volution Arabe en Egypte et en Tunisie.<\/p>\n<p dir=\"ltr\" style=\"text-align: justify;\">Le sujet est vaste et m\u00e9rite une discussion entre personnes civilis\u00e9es et qui acceptent la discussion pour arriver \u00e0 trouver des solutions de discours pour faire se r\u00e9veiller ces musulmans ignorants et leur dire qu&rsquo;il ne faut pas participer aux crimes de l&rsquo;Islam.<\/p>\n<p dir=\"ltr\" style=\"text-align: justify;\">Je ne m&rsquo;attaque pas \u00e0 des personnes qui appartiennent \u00e0 un peuple ou \u00e0 un pays, je m&rsquo;attaque \u00e0 une id\u00e9ologie destructrice crue par des millions de musulmans comme \u00e9tant une r\u00e9v\u00e9lation sacr\u00e9e.<\/p>\n<p dir=\"ltr\" style=\"text-align: justify;\">Je dis \u00e0 ces maris, ces p\u00e8res, ces fr\u00e8res et ces voisins qui se disent musulmans mod\u00e9r\u00e9s, d&rsquo;accepter la critique de l&rsquo;Islam, l&rsquo;apostasie et de prot\u00e9ger les apostats contre ces malades de l&rsquo;Islam, de dire leur point de vue bien clairement, m\u00eame s&rsquo;ils risquent d&rsquo;\u00eatre accus\u00e9s par les islamistes de m\u00e9cr\u00e9ants.<\/p>\n<p dir=\"ltr\" style=\"text-align: justify;\">Ils doivent avoir le courage d&rsquo;accepter la diff\u00e9rence et arr\u00eater d&rsquo;avoir peur et de d\u00e9fendre l&rsquo;Islam, m\u00eame par ing\u00e9rence, sans cela, ils se rendent complices de criminels, ils sont des criminels passifs et les islamistes, des criminels actifs.<\/p>\n<p dir=\"ltr\" style=\"text-align: justify;\">Je pense que l&rsquo;id\u00e9e est claire pour tout le monde.<\/p>\n<p dir=\"ltr\" style=\"text-align: justify;\">Avec tout le monde, tu peux discuter et trouver un terrain d&rsquo;entente et de respect, sauf avec les musulmans islamistes ou passifs, il est impossible de discuter avec eux.<\/p>\n<p dir=\"ltr\" style=\"text-align: justify;\">Enfin et malheureusement, il y a beaucoup d&rsquo;occidentaux et d&rsquo;europ\u00e9ens qui n&rsquo;ont rien compris au probl\u00e8me et ils restent accroch\u00e9s au texte des Droits de l&rsquo;Homme et veulent appliquer ce texte \u00e0 des personnes qui ne reconnaissent m\u00eame pas ce que veut dire \u00eatre un humain, pour eux, un simple esclave de Dieu.<\/p>\n<p dir=\"ltr\" style=\"text-align: justify;\">Ces personnes ne donnent aucune importance \u00e0 la vie humaine, ni \u00e0 la libert\u00e9 humaine, ni aux droits \u00e0 la diff\u00e9rence, ni aux droits des femmes ou de l&rsquo;enfance et ne croient m\u00eame pas \u00e0 cette vie qui n&rsquo;est qu&rsquo;un simple passage \u00e0 une vie \u00e9ternelle apr\u00e8s la mort.<\/p>\n<p dir=\"ltr\" style=\"text-align: justify;\">Ces soi-disant humanistes et amis du respect et de la libert\u00e9 ne sont que des hypocrites ignorants et individualistes qui ne pensent qu&rsquo;\u00e0 leur personne, leurs conflits personnels, leurs r\u00e8glements de compte et la liste est longue.<\/p>\n<p dir=\"ltr\" style=\"text-align: justify;\">Ils ne pensent ni \u00e0 leur famille, ni \u00e0 leur mari parce qu&rsquo;ils les laissent dans l&rsquo;ing\u00e9rence de l&rsquo;Islam et se comportent avec eux en hypocrites, soi-disant pour ne pas les blesser.<\/p>\n<p dir=\"ltr\" style=\"text-align: justify;\">Eh bien moi, je leur dis \u00ab\u00a0blesse-moi et sois direct et honn\u00eate avec moi au lieu de me cacher la v\u00e9rit\u00e9 et me mentir, alors qu&rsquo;au fond de toi tu regardes mes id\u00e9es comme \u00e9tant des id\u00e9es criminelles\u00a0\u00bb.<\/p>\n<p dir=\"ltr\" style=\"text-align: justify;\">Si on veut en finir avec l&rsquo;Islam, il faut parler aux musulmans et leur expliquer leur Islam et qu&rsquo;ils choisissent leur camp : La civilisation, le progr\u00e8s et l&rsquo;humanisme ou l&rsquo;ignorance, le crime, la censure et le terrorisme = islam.<\/p>\n<p dir=\"ltr\" style=\"text-align: justify;\">Oui, apr\u00e8s la guerre entre la civilisation et l&rsquo;ing\u00e9rence va venir la guerre entre l&rsquo;\u00e9volution et l&rsquo;arri\u00e8risme, ensuite viendra la guerre entre l&rsquo;Islam et le reste du monde.<\/p>\n<p dir=\"ltr\" style=\"text-align: justify;\">Donc, choisissez bien votre camp, ou bien vous \u00eates musulmans, contre les valeurs humaines et pour les valeurs d\u2019Allah ou bien contre les valeurs d\u2019Allah mais pour l&rsquo;humanit\u00e9.<\/p>\n<p dir=\"ltr\" style=\"text-align: justify;\">Oui, une guerre sans merci guette le monde entre les valeurs d\u2019Allah et les valeurs de tous les autres dieux et les valeurs de l&rsquo;\u00eatre humain.<\/p>\n<p dir=\"ltr\" style=\"text-align: justify;\">Je termine, au lieu de fuir, d&rsquo;accuser et de diffamer et de comprendre mes propos comme on veut les comprendre, m&rsquo;accuser d&rsquo;appeler \u00e0 la haine et au racisme, il vaut mieux discuter, car avec ce comportement, vous ne faites que diviser les civilisationnistes et renforcer les anti-civilisationnistes et les anti-libertaires, car, malheureusement, ils n&rsquo;ont pas compris que le vrai danger est dans les lois d\u2019Allah et ce qu&rsquo;ils croient en elles, contre l&rsquo;ensemble de l&rsquo;humanit\u00e9.<\/p>\n<p dir=\"ltr\" style=\"text-align: right;\"><strong>Vous pouvez \u00e9galement lire : <a href=\"https:\/\/labidikm.net\/fr\/ugtt-le-geant-syndical-tunisien-au-bord-de-limplosion\/\">UGTT : le g\u00e9ant syndical tunisien au bord de l\u2019implosion<\/a><\/strong><\/p>\n<p dir=\"ltr\">\n","protected":false},"excerpt":{"rendered":"<p>Bien choisir son camp. Si j&rsquo;insiste sur le silence complice des musulmans, ce n&rsquo;est pas par haine comme beaucoup essaient de le faire croire.<\/p>\n","protected":false},"author":3,"featured_media":254774,"comment_status":"open","ping_status":"open","sticky":false,"template":"","format":"standard","meta":{"_et_pb_use_builder":"off","_et_pb_old_content":"","_et_gb_content_width":"","footnotes":""},"categories":[614],"tags":[633,634,635,636,637,638,639,640,641,642],"class_list":["post-254773","post","type-post","status-publish","format-standard","has-post-thumbnail","hentry","category-politique-et-actualite","tag-arabe","tag-camp","tag-croire","tag-intellectuelle","tag-islam","tag-islamique","tag-islamisation","tag-labidi","tag-mohamed-karim","tag-musulmans"],"_links":{"self":[{"href":"https:\/\/labidikm.net\/fr\/wp-json\/wp\/v2\/posts\/254773","targetHints":{"allow":["GET"]}}],"collection":[{"href":"https:\/\/labidikm.net\/fr\/wp-json\/wp\/v2\/posts"}],"about":[{"href":"https:\/\/labidikm.net\/fr\/wp-json\/wp\/v2\/types\/post"}],"author":[{"embeddable":true,"href":"https:\/\/labidikm.net\/fr\/wp-json\/wp\/v2\/users\/3"}],"replies":[{"embeddable":true,"href":"https:\/\/labidikm.net\/fr\/wp-json\/wp\/v2\/comments?post=254773"}],"version-history":[{"count":0,"href":"https:\/\/labidikm.net\/fr\/wp-json\/wp\/v2\/posts\/254773\/revisions"}],"wp:featuredmedia":[{"embeddable":true,"href":"https:\/\/labidikm.net\/fr\/wp-json\/wp\/v2\/media\/254774"}],"wp:attachment":[{"href":"https:\/\/labidikm.net\/fr\/wp-json\/wp\/v2\/media?parent=254773"}],"wp:term":[{"taxonomy":"category","embeddable":true,"href":"https:\/\/labidikm.net\/fr\/wp-json\/wp\/v2\/categories?post=254773"},{"taxonomy":"post_tag","embeddable":true,"href":"https:\/\/labidikm.net\/fr\/wp-json\/wp\/v2\/tags?post=254773"}],"curies":[{"name":"wp","href":"https:\/\/api.w.org\/{rel}","templated":true}]}}