{"id":25107931,"date":"2025-04-29T14:05:42","date_gmt":"2025-04-29T12:05:42","guid":{"rendered":"https:\/\/labidikm.net\/?p=25107931"},"modified":"2025-04-30T10:41:15","modified_gmt":"2025-04-30T08:41:15","slug":"adel-daadaa-et-le-refus-de-sa-demande-dasile-en-france","status":"publish","type":"post","link":"https:\/\/labidikm.net\/fr\/adel-daadaa-et-le-refus-de-sa-demande-dasile-en-france\/","title":{"rendered":"Adel Da\u00e2da\u00e2 et le Refus de sa Demande d\u2019Asile en France"},"content":{"rendered":"<h2 data-start=\"171\" data-end=\"264\"><strong data-start=\"171\" data-end=\"264\">Fuite vers la France et refus d\u2019asile : le cas d\u2019Adel Da\u00e2da\u00e2, proche de Rached Ghannouchi<\/strong><\/h2>\n<p class=\"\" data-start=\"266\" data-end=\"506\">Apr\u00e8s avoir fui la Tunisie via la Turquie, Adel Da\u00e2da\u00e2, ancien chef du protocole de Rached Ghannouchi, leader du parti <a href=\"https:\/\/fr.wikipedia.org\/wiki\/Ennahdha\" target=\"_blank\" rel=\"noopener\">Ennahdha<\/a>, s\u2019est retrouv\u00e9 dans une situation juridique d\u00e9licate en France, o\u00f9 les autorit\u00e9s ont rejet\u00e9 sa demande d\u2019asile.<\/p>\n<p class=\"\" data-start=\"508\" data-end=\"855\">Da\u00e2da\u00e2 avait quitt\u00e9 la Tunisie \u00e0 la fin de l\u2019ann\u00e9e 2022, en d\u00e9pit d\u2019une interdiction de voyager prononc\u00e9e \u00e0 son encontre. Il aurait utilis\u00e9 son influence \u00e0 l\u2019a\u00e9roport de Tunis-Carthage pour emprunter des acc\u00e8s r\u00e9serv\u00e9s au personnel. Apr\u00e8s une courte escale \u00e0 Istanbul, il s\u2019est install\u00e9 en France en 2024, o\u00f9 vivent certains membres de sa famille.<\/p>\n<p class=\"\" data-start=\"857\" data-end=\"1488\">En f\u00e9vrier 2025, il a \u00e9t\u00e9 condamn\u00e9 par contumace \u00e0 <strong data-start=\"908\" data-end=\"937\">trente-huit ans de prison<\/strong> dans le cadre de l\u2019affaire dite \u00ab\u00a0Instalingo\u00a0\u00bb, l\u2019une des principales affaires judiciaires visant des personnalit\u00e9s proches d\u2019Ennahdha. Parmi les autres accus\u00e9s figurent Rached Ghannouchi, condamn\u00e9 \u00e0 vingt-deux ans ; l\u2019ancien chef du gouvernement Hichem Mechichi (trente-cinq ans) ; l\u2019ex-ministre des Affaires \u00e9trang\u00e8res Rafik Abdessalem (trente-quatre ans) ; et l\u2019ancien directeur g\u00e9n\u00e9ral des services sp\u00e9cialis\u00e9s du minist\u00e8re de l\u2019Int\u00e9rieur, Lazhar Loungou (quinze ans), tous poursuivis principalement pour <strong data-start=\"1445\" data-end=\"1487\">\u00ab complot contre la s\u00fbret\u00e9 de l\u2019\u00c9tat \u00bb<\/strong>.<\/p>\n<p class=\"\" data-start=\"1490\" data-end=\"2086\">Adel Da\u00e2da\u00e2 avait d\u00e9pos\u00e9 une demande d\u2019asile aupr\u00e8s de l\u2019Office fran\u00e7ais de protection des r\u00e9fugi\u00e9s et apatrides (Ofpra) en juillet 2024. Cependant, en f\u00e9vrier 2025, \u00e0 l\u2019issue de deux auditions, sa demande a \u00e9t\u00e9 rejet\u00e9e. Les autorit\u00e9s fran\u00e7aises ont estim\u00e9 qu\u2019il n\u2019avait pas apport\u00e9 de preuves suffisantes d\u00e9montrant un caract\u00e8re \u00ab\u00a0arbitraire ou partial\u00a0\u00bb de la justice tunisienne dans les affaires le concernant \u2014 bien qu\u2019il ait \u00e9t\u00e9 consid\u00e9r\u00e9 pendant longtemps comme la \u00ab bo\u00eete noire \u00bb du mouvement Ennahdha, en raison de sa proximit\u00e9 avec Ghannouchi et de ses activit\u00e9s financi\u00e8res controvers\u00e9es.<\/p>\n<p class=\"\" data-start=\"2088\" data-end=\"2311\">Le rapport de l\u2019Ofpra a pr\u00e9cis\u00e9 que la condamnation prononc\u00e9e contre Da\u00e2da\u00e2 n\u2019\u00e9tait \u00ab\u00a0pas d\u00e9finitive\u00a0\u00bb et pouvait faire l\u2019objet d\u2019un recours, soulignant qu\u2019il disposait encore de voies de recours devant la justice tunisienne.<\/p>\n<p class=\"\" data-start=\"2313\" data-end=\"2608\">Lors de son audition, Da\u00e2da\u00e2 a tent\u00e9 de justifier son d\u00e9part anticip\u00e9 de Tunisie en clamant son innocence et en d\u00e9non\u00e7ant la corruption du syst\u00e8me judiciaire. Ces arguments n\u2019ont toutefois pas convaincu les autorit\u00e9s fran\u00e7aises, qui les ont jug\u00e9s insuffisants pour justifier l\u2019octroi de l\u2019asile.<\/p>\n<p class=\"\" data-start=\"2610\" data-end=\"3050\">Il est \u00e0 noter que la justice tunisienne fait l\u2019objet de pressions accrues depuis le 25 juillet 2021, \u00e0 la suite des mesures exceptionnelles prises par le pr\u00e9sident Ka\u00efs Sa\u00efed, qui incluent \u00e9galement des interventions directes dans le traitement des affaires judiciaires. Amnesty International avait d\u00e9nonc\u00e9 en f\u00e9vrier 2023 les propos de Sa\u00efed apr\u00e8s l\u2019arrestation de l\u2019homme politique Khayam Turki, les qualifiant d\u2019intimidation judiciaire.<\/p>\n<p class=\"\" data-start=\"3052\" data-end=\"3238\">Face \u00e0 cette situation, Adel Da\u00e2da\u00e2 a d\u00e9cid\u00e9 de faire appel du refus d\u2019asile devant la Cour nationale du droit d\u2019asile en France, dans une ultime tentative de changer son sort juridique.<\/p>\n<p style=\"text-align: right;\" data-start=\"3052\" data-end=\"3238\"><strong>Vous pouvez \u00e9galement lire :<a href=\"https:\/\/labidikm.net\/fr\/ugtt-le-geant-syndical-tunisien-au-bord-de-limplosion\/\"> UGTT : le g\u00e9ant syndical tunisien au bord de l\u2019implosion<\/a><\/strong><\/p>\n","protected":false},"excerpt":{"rendered":"<p>Adel Da\u00e2da\u00e2 et le Refus de sa Demande d\u2019Asile en France. Fuite vers la France et refus d\u2019asile : le cas d\u2019Adel Da\u00e2da\u00e2, proche de Rached Ghannouchi. Apr\u00e8s avoir fui la Tunisie via la Turquie, Adel Da\u00e2da\u00e2, ancien chef du protocole de Rached Ghannouchi, leader du parti Ennahdha, s\u2019est retrouv\u00e9 dans une situation juridique d\u00e9licate en France, o\u00f9 les autorit\u00e9s ont rejet\u00e9 sa demande d\u2019asile.<\/p>\n","protected":false},"author":3,"featured_media":25107881,"comment_status":"open","ping_status":"closed","sticky":false,"template":"","format":"standard","meta":{"_et_pb_use_builder":"","_et_pb_old_content":"","_et_gb_content_width":"","footnotes":""},"categories":[614],"tags":[],"class_list":["post-25107931","post","type-post","status-publish","format-standard","has-post-thumbnail","hentry","category-politique-et-actualite"],"_links":{"self":[{"href":"https:\/\/labidikm.net\/fr\/wp-json\/wp\/v2\/posts\/25107931","targetHints":{"allow":["GET"]}}],"collection":[{"href":"https:\/\/labidikm.net\/fr\/wp-json\/wp\/v2\/posts"}],"about":[{"href":"https:\/\/labidikm.net\/fr\/wp-json\/wp\/v2\/types\/post"}],"author":[{"embeddable":true,"href":"https:\/\/labidikm.net\/fr\/wp-json\/wp\/v2\/users\/3"}],"replies":[{"embeddable":true,"href":"https:\/\/labidikm.net\/fr\/wp-json\/wp\/v2\/comments?post=25107931"}],"version-history":[{"count":0,"href":"https:\/\/labidikm.net\/fr\/wp-json\/wp\/v2\/posts\/25107931\/revisions"}],"wp:featuredmedia":[{"embeddable":true,"href":"https:\/\/labidikm.net\/fr\/wp-json\/wp\/v2\/media\/25107881"}],"wp:attachment":[{"href":"https:\/\/labidikm.net\/fr\/wp-json\/wp\/v2\/media?parent=25107931"}],"wp:term":[{"taxonomy":"category","embeddable":true,"href":"https:\/\/labidikm.net\/fr\/wp-json\/wp\/v2\/categories?post=25107931"},{"taxonomy":"post_tag","embeddable":true,"href":"https:\/\/labidikm.net\/fr\/wp-json\/wp\/v2\/tags?post=25107931"}],"curies":[{"name":"wp","href":"https:\/\/api.w.org\/{rel}","templated":true}]}}