{"id":25107353,"date":"2025-04-23T15:48:50","date_gmt":"2025-04-23T13:48:50","guid":{"rendered":"https:\/\/labidikm.net\/?p=25107353"},"modified":"2025-04-24T13:18:46","modified_gmt":"2025-04-24T11:18:46","slug":"la-liquidation-de-namaa-tounes","status":"publish","type":"post","link":"https:\/\/labidikm.net\/fr\/la-liquidation-de-namaa-tounes\/","title":{"rendered":"La liquidation de Namaa Tounes"},"content":{"rendered":"<h2 class=\"\" data-start=\"58\" data-end=\"126\">La liquidation de Namaa Tounes, le bras \u00e9conomique du mouvement Ennahda en Tunisie.<\/h2>\n<p class=\"\" data-start=\"128\" data-end=\"381\">L&rsquo;organisation islamiste Ennahdha vient de perdre un levier \u00e9conomique strat\u00e9gique avec la liquidation officielle de l&rsquo;association <a href=\"https:\/\/arab.org\/fr\/directory\/association-namaa-tunisia\/\" target=\"_blank\" rel=\"noopener\">Namaa Tunisie<\/a>, une structure cr\u00e9\u00e9e en 2011 pour ancrer son influence \u00e9conomique \u00e0 l&rsquo;int\u00e9rieur comme \u00e0 l&rsquo;ext\u00e9rieur du pays.<\/p>\n<h3 class=\"\" data-start=\"383\" data-end=\"424\">La dissolution d\u2019un pilier \u00e9conomique<\/h3>\n<p class=\"\" data-start=\"426\" data-end=\"810\">En mars 2025, la justice tunisienne a commenc\u00e9 \u00e0 ex\u00e9cuter une d\u00e9cision judiciaire datant d\u2019avril 2024 ordonnant la dissolution de Namaa Tunisie. Officiellement, cette association avait pour mission de soutenir l&rsquo;\u00e9conomie nationale \u00e0 travers des partenariats \u00e9trangers, l\u2019accompagnement des jeunes dipl\u00f4m\u00e9s ch\u00f4meurs et la promotion des investissements dans les r\u00e9gions marginalis\u00e9es.<\/p>\n<p class=\"\" data-start=\"812\" data-end=\"1220\">Cependant, dans les faits, Namaa servait principalement de passerelle entre les milieux d\u2019affaires tunisiens et les alli\u00e9s internationaux du parti Ennahdha. Parmi ces partenaires figurent l\u2019Association des hommes d&rsquo;affaires qataris dirig\u00e9e par le milliardaire Faisal bin Qassim Al Thani, l\u2019agence turque TIKA, le Conseil des hommes d&rsquo;affaires libyens de Tripoli, ainsi que l\u2019association M\u00dcS\u0130AD d\u2019Azerba\u00efdjan.<\/p>\n<h3 class=\"\" data-start=\"1222\" data-end=\"1259\">Une ambition r\u00e9gionale contrari\u00e9e<\/h3>\n<p class=\"\" data-start=\"1261\" data-end=\"1546\">Ennahdha esp\u00e9rait transformer Tunis en plateforme r\u00e9gionale de rencontres \u00e9conomiques. En 2015, Namaa devait organiser deux grands \u00e9v\u00e9nements internationaux li\u00e9s \u00e0 l\u2019Azerba\u00efdjan, mais les \u00e9lections de 2014, remport\u00e9es par Nidaa Tounes et B\u00e9ji Ca\u00efd Essebsi, ont mis fin \u00e0 ces ambitions.<\/p>\n<p class=\"\" data-start=\"1548\" data-end=\"1760\">Le d\u00e9funt Amor Belkhiria, cofondateur de Namaa et pilier d\u2019Ennahdha en Afrique, avait \u00e9galement lanc\u00e9 une ouverture vers l\u2019Afrique subsaharienne avec l\u2019organisation d\u2019un Forum \u00e9conomique africain \u00e0 Tunis en 2018.<\/p>\n<p class=\"\" data-start=\"1762\" data-end=\"2109\">En f\u00e9vrier 2021, l\u2019association avait annonc\u00e9 une expansion sur tout le territoire avec la cr\u00e9ation d\u2019antennes r\u00e9gionales et d\u2019un comit\u00e9 d\u2019experts. Mais le coup de force du pr\u00e9sident Ka\u00efs Sa\u00efed en juillet 2021 a pr\u00e9cipit\u00e9 la mise \u00e0 l\u2019\u00e9cart du parti et, en 2022, Namaa s\u2019est retrouv\u00e9e accus\u00e9e de blanchiment d\u2019argent et de financement du terrorisme.<\/p>\n<h3 class=\"\" data-start=\"2111\" data-end=\"2148\">Fin d\u2019un r\u00e9seau, d\u00e9but des ennuis<\/h3>\n<p class=\"\" data-start=\"2150\" data-end=\"2485\">Avec la disparition de Namaa, Ennahdha perd un r\u00e9seau strat\u00e9gique qui lui permettait d\u2019influencer l\u2019\u00e9conomie, tisser des alliances, et maintenir une assise au-del\u00e0 de la sph\u00e8re politique. Ce coup port\u00e9 \u00e0 l\u2019organisation co\u00efncide avec l\u2019incarc\u00e9ration de la majorit\u00e9 de ses dirigeants et l\u2019effritement de son r\u00f4le sur la sc\u00e8ne tunisienne.<\/p>\n<p style=\"text-align: right;\" data-start=\"2150\" data-end=\"2485\"><strong>Vous pouvez \u00e9galement lire : <a href=\"https:\/\/labidikm.net\/fr\/hatem-saied\/\">Hatem Sa\u00efed\u2026 le nom qu\u2019on ne prononce pas : pourquoi Ka\u00efs cache-t-il son fr\u00e8re ?<\/a><\/strong><\/p>\n","protected":false},"excerpt":{"rendered":"<p>La liquidation de Namaa Tounes, le bras \u00e9conomique du mouvement Ennahda en Tunisie. L&rsquo;organisation islamiste Ennahdha vient de perdre un levier \u00e9conomique<\/p>\n","protected":false},"author":1,"featured_media":25107334,"comment_status":"open","ping_status":"closed","sticky":false,"template":"","format":"standard","meta":{"_et_pb_use_builder":"","_et_pb_old_content":"","_et_gb_content_width":"","footnotes":""},"categories":[614],"tags":[1264],"class_list":["post-25107353","post","type-post","status-publish","format-standard","has-post-thumbnail","hentry","category-politique-et-actualite","tag-ennahdha-namaa-tunisie"],"_links":{"self":[{"href":"https:\/\/labidikm.net\/fr\/wp-json\/wp\/v2\/posts\/25107353","targetHints":{"allow":["GET"]}}],"collection":[{"href":"https:\/\/labidikm.net\/fr\/wp-json\/wp\/v2\/posts"}],"about":[{"href":"https:\/\/labidikm.net\/fr\/wp-json\/wp\/v2\/types\/post"}],"author":[{"embeddable":true,"href":"https:\/\/labidikm.net\/fr\/wp-json\/wp\/v2\/users\/1"}],"replies":[{"embeddable":true,"href":"https:\/\/labidikm.net\/fr\/wp-json\/wp\/v2\/comments?post=25107353"}],"version-history":[{"count":0,"href":"https:\/\/labidikm.net\/fr\/wp-json\/wp\/v2\/posts\/25107353\/revisions"}],"wp:featuredmedia":[{"embeddable":true,"href":"https:\/\/labidikm.net\/fr\/wp-json\/wp\/v2\/media\/25107334"}],"wp:attachment":[{"href":"https:\/\/labidikm.net\/fr\/wp-json\/wp\/v2\/media?parent=25107353"}],"wp:term":[{"taxonomy":"category","embeddable":true,"href":"https:\/\/labidikm.net\/fr\/wp-json\/wp\/v2\/categories?post=25107353"},{"taxonomy":"post_tag","embeddable":true,"href":"https:\/\/labidikm.net\/fr\/wp-json\/wp\/v2\/tags?post=25107353"}],"curies":[{"name":"wp","href":"https:\/\/api.w.org\/{rel}","templated":true}]}}